{"id":2976,"date":"2023-02-08T18:05:08","date_gmt":"2023-02-08T18:05:08","guid":{"rendered":"https:\/\/morgadocardoso.com\/?p=2976"},"modified":"2023-02-08T18:11:36","modified_gmt":"2023-02-08T18:11:36","slug":"visita-poetica-regressa-ao-museu-quinta-de-santiago","status":"publish","type":"post","link":"https:\/\/morgadocardoso.com\/pt\/blogue\/visita-poetica-regressa-ao-museu-quinta-de-santiago\/","title":{"rendered":"Visita po\u00e9tica regressa ao Museu Quinta de Santiago"},"content":{"rendered":"\n<h1>O Museu Quinta de Santiago vai receber no pr\u00f3ximo dia 9 de fevereiro, quinta-feira, o evento \u201cVisita Po\u00e9tica\u201d, uma repeti\u00e7\u00e3o do evento que esgotou pela grande procura que obteve na edi\u00e7\u00e3o original. <\/h1>\n\n\n\n<p><\/p>\n\n\n\n<div style=\"height:30px\" aria-hidden=\"true\" class=\"wp-block-spacer\"><\/div>\n\n\n\n<p>Este evento permitir\u00e1 aos seus participantes mergulhar nas obras do Simbolismo, movimento liter\u00e1rio associado \u00e0 produ\u00e7\u00e3o art\u00edstica de Ant\u00f3nio Carneiro e seus contempor\u00e2neos. <\/p>\n\n\n\n<p><\/p>\n\n\n\n<div style=\"height:30px\" aria-hidden=\"true\" class=\"wp-block-spacer\"><\/div>\n\n\n\n<p>Ant\u00f3nio Carneiro foi um poeta que, contudo, escolheu a pintura como meio de express\u00e3o. Nas suas obras podemos encontrar uma grande variedade de temas po\u00e9ticos. <\/p>\n\n\n\n<p><\/p>\n\n\n\n<div style=\"height:30px\" aria-hidden=\"true\" class=\"wp-block-spacer\"><\/div>\n\n\n\n<p>O evento, que tem um custo de 3 Euros por pessoa, n\u00e3o \u00e9 recomendado para menores de 8 anos. As inscri\u00e7\u00f5es para o mesmo podem ser feitas atrav\u00e9s do email museuqsantiago@cm-matosinhos.pt ou por telefone (22 939 24 10) at\u00e9 \u00e0s 17h00 do dia 9 de fevereiro. <\/p>\n\n\n\n<div style=\"height:30px\" aria-hidden=\"true\" class=\"wp-block-spacer\"><\/div>\n\n\n\n<p>A \u201cVisita Po\u00e9tica\u201d promete ser um evento muito interessante e que permitir\u00e1 aos seus participantes, por alguns minutos, viajar atrav\u00e9s do imagin\u00e1rio de Ant\u00f3nio Carneiro, descobrindo mais sobre a sua arte e poesia. O Museu Quinta de Santiago \u00e9 o lugar ideal para desfrutar desta viagem po\u00e9tica, onde todos os que visitem esta exposi\u00e7\u00e3o, com certeza, ser\u00e3o encantados com as obras de Ant\u00f3nio Carneiro.<\/p>\n\n\n\n<div style=\"height:30px\" aria-hidden=\"true\" class=\"wp-block-spacer\"><\/div>\n","protected":false},"excerpt":{"rendered":"<p>O Museu Quinta de Santiago vai receber no pr\u00f3ximo dia 9 de fevereiro, quinta-feira, o evento \u201cVisita Po\u00e9tica\u201d, uma repeti\u00e7\u00e3o do evento que esgotou pela grande procura que obteve na edi\u00e7\u00e3o original. Este evento permitir\u00e1 aos seus participantes mergulhar nas obras do Simbolismo, movimento liter\u00e1rio associado \u00e0 produ\u00e7\u00e3o art\u00edstica de Ant\u00f3nio Carneiro e seus contempor\u00e2neos. [&hellip;]<\/p>\n","protected":false},"author":1,"featured_media":2977,"comment_status":"closed","ping_status":"closed","sticky":false,"template":"","format":"standard","meta":[],"categories":[83],"tags":[],"yoast_head":"<!-- This site is optimized with the Yoast SEO plugin v20.6 - https:\/\/yoast.com\/wordpress\/plugins\/seo\/ -->\n<title>Visita po\u00e9tica regressa ao Museu Quinta de Santiago - Morgado Cardoso<\/title>\n<meta name=\"description\" content=\"Visita po\u00e9tica regressa ao Museu Quinta de Santiago - Morgado Cardoso\" \/>\n<meta name=\"robots\" content=\"index, follow, max-snippet:-1, max-image-preview:large, max-video-preview:-1\" \/>\n<link rel=\"canonical\" href=\"https:\/\/morgadocardoso.com\/pt\/blogue\/visita-poetica-regressa-ao-museu-quinta-de-santiago\/\" \/>\n<meta property=\"og:locale\" content=\"pt_PT\" \/>\n<meta property=\"og:type\" content=\"article\" \/>\n<meta property=\"og:title\" content=\"Visita po\u00e9tica regressa ao Museu Quinta de Santiago - Morgado Cardoso\" \/>\n<meta property=\"og:description\" content=\"Visita po\u00e9tica regressa ao Museu Quinta de Santiago - Morgado Cardoso\" \/>\n<meta property=\"og:url\" content=\"https:\/\/morgadocardoso.com\/pt\/blogue\/visita-poetica-regressa-ao-museu-quinta-de-santiago\/\" \/>\n<meta property=\"og:site_name\" content=\"Morgado Cardoso\" \/>\n<meta property=\"article:published_time\" content=\"2023-02-08T18:05:08+00:00\" \/>\n<meta property=\"article:modified_time\" content=\"2023-02-08T18:11:36+00:00\" \/>\n<meta property=\"og:image\" content=\"https:\/\/morgadocardoso.com\/wp-content\/uploads\/2023\/02\/evento_q2_9fev_1_1250_2500.jpg\" \/>\n\t<meta property=\"og:image:width\" content=\"900\" \/>\n\t<meta property=\"og:image:height\" content=\"473\" \/>\n\t<meta property=\"og:image:type\" content=\"image\/jpeg\" \/>\n<meta name=\"author\" content=\"admin\" \/>\n<meta name=\"twitter:card\" content=\"summary_large_image\" \/>\n<meta name=\"twitter:label1\" content=\"Escrito por\" \/>\n\t<meta name=\"twitter:data1\" content=\"admin\" \/>\n\t<meta name=\"twitter:label2\" content=\"Tempo estimado de leitura\" \/>\n\t<meta name=\"twitter:data2\" content=\"2 minutos\" \/>\n<script type=\"application\/ld+json\" class=\"yoast-schema-graph\">{\"@context\":\"https:\/\/schema.org\",\"@graph\":[{\"@type\":\"Article\",\"@id\":\"https:\/\/morgadocardoso.com\/pt\/blogue\/visita-poetica-regressa-ao-museu-quinta-de-santiago\/#article\",\"isPartOf\":{\"@id\":\"https:\/\/morgadocardoso.com\/pt\/blogue\/visita-poetica-regressa-ao-museu-quinta-de-santiago\/\"},\"author\":{\"name\":\"admin\",\"@id\":\"https:\/\/morgadocardoso.com\/pt\/#\/schema\/person\/eda698a86449cd29f5f64627c80e9727\"},\"headline\":\"Visita po\u00e9tica regressa ao Museu Quinta de Santiago\",\"datePublished\":\"2023-02-08T18:05:08+00:00\",\"dateModified\":\"2023-02-08T18:11:36+00:00\",\"mainEntityOfPage\":{\"@id\":\"https:\/\/morgadocardoso.com\/pt\/blogue\/visita-poetica-regressa-ao-museu-quinta-de-santiago\/\"},\"wordCount\":213,\"publisher\":{\"@id\":\"https:\/\/morgadocardoso.com\/pt\/#organization\"},\"articleSection\":[\"Blogue\"],\"inLanguage\":\"pt-PT\"},{\"@type\":\"WebPage\",\"@id\":\"https:\/\/morgadocardoso.com\/pt\/blogue\/visita-poetica-regressa-ao-museu-quinta-de-santiago\/\",\"url\":\"https:\/\/morgadocardoso.com\/pt\/blogue\/visita-poetica-regressa-ao-museu-quinta-de-santiago\/\",\"name\":\"Visita po\u00e9tica regressa ao Museu Quinta de Santiago - Morgado Cardoso\",\"isPartOf\":{\"@id\":\"https:\/\/morgadocardoso.com\/pt\/#website\"},\"datePublished\":\"2023-02-08T18:05:08+00:00\",\"dateModified\":\"2023-02-08T18:11:36+00:00\",\"description\":\"Visita po\u00e9tica regressa ao Museu Quinta de Santiago - Morgado Cardoso\",\"breadcrumb\":{\"@id\":\"https:\/\/morgadocardoso.com\/pt\/blogue\/visita-poetica-regressa-ao-museu-quinta-de-santiago\/#breadcrumb\"},\"inLanguage\":\"pt-PT\",\"potentialAction\":[{\"@type\":\"ReadAction\",\"target\":[\"https:\/\/morgadocardoso.com\/pt\/blogue\/visita-poetica-regressa-ao-museu-quinta-de-santiago\/\"]}]},{\"@type\":\"BreadcrumbList\",\"@id\":\"https:\/\/morgadocardoso.com\/pt\/blogue\/visita-poetica-regressa-ao-museu-quinta-de-santiago\/#breadcrumb\",\"itemListElement\":[{\"@type\":\"ListItem\",\"position\":1,\"name\":\"Home\",\"item\":\"https:\/\/morgadocardoso.com\/pt\/\"},{\"@type\":\"ListItem\",\"position\":2,\"name\":\"Visita po\u00e9tica regressa ao Museu Quinta de Santiago\"}]},{\"@type\":\"WebSite\",\"@id\":\"https:\/\/morgadocardoso.com\/pt\/#website\",\"url\":\"https:\/\/morgadocardoso.com\/pt\/\",\"name\":\"Morgado Cardoso\",\"description\":\"O empreendimento de elei\u00e7\u00e3o para quem procura qualidade de vida aliada \u00e0 arquitetura elegante, conforto e seguran\u00e7a!\",\"publisher\":{\"@id\":\"https:\/\/morgadocardoso.com\/pt\/#organization\"},\"potentialAction\":[{\"@type\":\"SearchAction\",\"target\":{\"@type\":\"EntryPoint\",\"urlTemplate\":\"https:\/\/morgadocardoso.com\/pt\/?s={search_term_string}\"},\"query-input\":\"required name=search_term_string\"}],\"inLanguage\":\"pt-PT\"},{\"@type\":\"Organization\",\"@id\":\"https:\/\/morgadocardoso.com\/pt\/#organization\",\"name\":\"Morgado Cardoso\",\"url\":\"https:\/\/morgadocardoso.com\/pt\/\",\"logo\":{\"@type\":\"ImageObject\",\"inLanguage\":\"pt-PT\",\"@id\":\"https:\/\/morgadocardoso.com\/pt\/#\/schema\/logo\/image\/\",\"url\":\"https:\/\/morgadocardoso.com\/wp-content\/uploads\/2022\/11\/Logo-Morgado-Cardoso.png\",\"contentUrl\":\"https:\/\/morgadocardoso.com\/wp-content\/uploads\/2022\/11\/Logo-Morgado-Cardoso.png\",\"width\":81,\"height\":32,\"caption\":\"Morgado Cardoso\"},\"image\":{\"@id\":\"https:\/\/morgadocardoso.com\/pt\/#\/schema\/logo\/image\/\"}},{\"@type\":\"Person\",\"@id\":\"https:\/\/morgadocardoso.com\/pt\/#\/schema\/person\/eda698a86449cd29f5f64627c80e9727\",\"name\":\"admin\",\"image\":{\"@type\":\"ImageObject\",\"inLanguage\":\"pt-PT\",\"@id\":\"https:\/\/morgadocardoso.com\/pt\/#\/schema\/person\/image\/\",\"url\":\"https:\/\/secure.gravatar.com\/avatar\/fb97f7064d92c8b454f62a34c2737eae?s=96&d=mm&r=g\",\"contentUrl\":\"https:\/\/secure.gravatar.com\/avatar\/fb97f7064d92c8b454f62a34c2737eae?s=96&d=mm&r=g\",\"caption\":\"admin\"},\"sameAs\":[\"https:\/\/morgadocardoso.com\"]}]}<\/script>\n<!-- \/ Yoast SEO plugin. -->","yoast_head_json":{"title":"Visita po\u00e9tica regressa ao Museu Quinta de Santiago - Morgado Cardoso","description":"Visita po\u00e9tica regressa ao Museu Quinta de Santiago - Morgado Cardoso","robots":{"index":"index","follow":"follow","max-snippet":"max-snippet:-1","max-image-preview":"max-image-preview:large","max-video-preview":"max-video-preview:-1"},"canonical":"https:\/\/morgadocardoso.com\/pt\/blogue\/visita-poetica-regressa-ao-museu-quinta-de-santiago\/","og_locale":"pt_PT","og_type":"article","og_title":"Visita po\u00e9tica regressa ao Museu Quinta de Santiago - Morgado Cardoso","og_description":"Visita po\u00e9tica regressa ao Museu Quinta de Santiago - Morgado Cardoso","og_url":"https:\/\/morgadocardoso.com\/pt\/blogue\/visita-poetica-regressa-ao-museu-quinta-de-santiago\/","og_site_name":"Morgado Cardoso","article_published_time":"2023-02-08T18:05:08+00:00","article_modified_time":"2023-02-08T18:11:36+00:00","og_image":[{"width":900,"height":473,"url":"https:\/\/morgadocardoso.com\/wp-content\/uploads\/2023\/02\/evento_q2_9fev_1_1250_2500.jpg","type":"image\/jpeg"}],"author":"admin","twitter_card":"summary_large_image","twitter_misc":{"Escrito por":"admin","Tempo estimado de leitura":"2 minutos"},"schema":{"@context":"https:\/\/schema.org","@graph":[{"@type":"Article","@id":"https:\/\/morgadocardoso.com\/pt\/blogue\/visita-poetica-regressa-ao-museu-quinta-de-santiago\/#article","isPartOf":{"@id":"https:\/\/morgadocardoso.com\/pt\/blogue\/visita-poetica-regressa-ao-museu-quinta-de-santiago\/"},"author":{"name":"admin","@id":"https:\/\/morgadocardoso.com\/pt\/#\/schema\/person\/eda698a86449cd29f5f64627c80e9727"},"headline":"Visita po\u00e9tica regressa ao Museu Quinta de Santiago","datePublished":"2023-02-08T18:05:08+00:00","dateModified":"2023-02-08T18:11:36+00:00","mainEntityOfPage":{"@id":"https:\/\/morgadocardoso.com\/pt\/blogue\/visita-poetica-regressa-ao-museu-quinta-de-santiago\/"},"wordCount":213,"publisher":{"@id":"https:\/\/morgadocardoso.com\/pt\/#organization"},"articleSection":["Blogue"],"inLanguage":"pt-PT"},{"@type":"WebPage","@id":"https:\/\/morgadocardoso.com\/pt\/blogue\/visita-poetica-regressa-ao-museu-quinta-de-santiago\/","url":"https:\/\/morgadocardoso.com\/pt\/blogue\/visita-poetica-regressa-ao-museu-quinta-de-santiago\/","name":"Visita po\u00e9tica regressa ao Museu Quinta de Santiago - Morgado Cardoso","isPartOf":{"@id":"https:\/\/morgadocardoso.com\/pt\/#website"},"datePublished":"2023-02-08T18:05:08+00:00","dateModified":"2023-02-08T18:11:36+00:00","description":"Visita po\u00e9tica regressa ao Museu Quinta de Santiago - Morgado Cardoso","breadcrumb":{"@id":"https:\/\/morgadocardoso.com\/pt\/blogue\/visita-poetica-regressa-ao-museu-quinta-de-santiago\/#breadcrumb"},"inLanguage":"pt-PT","potentialAction":[{"@type":"ReadAction","target":["https:\/\/morgadocardoso.com\/pt\/blogue\/visita-poetica-regressa-ao-museu-quinta-de-santiago\/"]}]},{"@type":"BreadcrumbList","@id":"https:\/\/morgadocardoso.com\/pt\/blogue\/visita-poetica-regressa-ao-museu-quinta-de-santiago\/#breadcrumb","itemListElement":[{"@type":"ListItem","position":1,"name":"Home","item":"https:\/\/morgadocardoso.com\/pt\/"},{"@type":"ListItem","position":2,"name":"Visita po\u00e9tica regressa ao Museu Quinta de Santiago"}]},{"@type":"WebSite","@id":"https:\/\/morgadocardoso.com\/pt\/#website","url":"https:\/\/morgadocardoso.com\/pt\/","name":"Morgado Cardoso","description":"O empreendimento de elei\u00e7\u00e3o para quem procura qualidade de vida aliada \u00e0 arquitetura elegante, conforto e seguran\u00e7a!","publisher":{"@id":"https:\/\/morgadocardoso.com\/pt\/#organization"},"potentialAction":[{"@type":"SearchAction","target":{"@type":"EntryPoint","urlTemplate":"https:\/\/morgadocardoso.com\/pt\/?s={search_term_string}"},"query-input":"required name=search_term_string"}],"inLanguage":"pt-PT"},{"@type":"Organization","@id":"https:\/\/morgadocardoso.com\/pt\/#organization","name":"Morgado Cardoso","url":"https:\/\/morgadocardoso.com\/pt\/","logo":{"@type":"ImageObject","inLanguage":"pt-PT","@id":"https:\/\/morgadocardoso.com\/pt\/#\/schema\/logo\/image\/","url":"https:\/\/morgadocardoso.com\/wp-content\/uploads\/2022\/11\/Logo-Morgado-Cardoso.png","contentUrl":"https:\/\/morgadocardoso.com\/wp-content\/uploads\/2022\/11\/Logo-Morgado-Cardoso.png","width":81,"height":32,"caption":"Morgado Cardoso"},"image":{"@id":"https:\/\/morgadocardoso.com\/pt\/#\/schema\/logo\/image\/"}},{"@type":"Person","@id":"https:\/\/morgadocardoso.com\/pt\/#\/schema\/person\/eda698a86449cd29f5f64627c80e9727","name":"admin","image":{"@type":"ImageObject","inLanguage":"pt-PT","@id":"https:\/\/morgadocardoso.com\/pt\/#\/schema\/person\/image\/","url":"https:\/\/secure.gravatar.com\/avatar\/fb97f7064d92c8b454f62a34c2737eae?s=96&d=mm&r=g","contentUrl":"https:\/\/secure.gravatar.com\/avatar\/fb97f7064d92c8b454f62a34c2737eae?s=96&d=mm&r=g","caption":"admin"},"sameAs":["https:\/\/morgadocardoso.com"]}]}},"_links":{"self":[{"href":"https:\/\/morgadocardoso.com\/pt\/wp-json\/wp\/v2\/posts\/2976"}],"collection":[{"href":"https:\/\/morgadocardoso.com\/pt\/wp-json\/wp\/v2\/posts"}],"about":[{"href":"https:\/\/morgadocardoso.com\/pt\/wp-json\/wp\/v2\/types\/post"}],"author":[{"embeddable":true,"href":"https:\/\/morgadocardoso.com\/pt\/wp-json\/wp\/v2\/users\/1"}],"replies":[{"embeddable":true,"href":"https:\/\/morgadocardoso.com\/pt\/wp-json\/wp\/v2\/comments?post=2976"}],"version-history":[{"count":2,"href":"https:\/\/morgadocardoso.com\/pt\/wp-json\/wp\/v2\/posts\/2976\/revisions"}],"predecessor-version":[{"id":2981,"href":"https:\/\/morgadocardoso.com\/pt\/wp-json\/wp\/v2\/posts\/2976\/revisions\/2981"}],"wp:featuredmedia":[{"embeddable":true,"href":"https:\/\/morgadocardoso.com\/pt\/wp-json\/wp\/v2\/media\/2977"}],"wp:attachment":[{"href":"https:\/\/morgadocardoso.com\/pt\/wp-json\/wp\/v2\/media?parent=2976"}],"wp:term":[{"taxonomy":"category","embeddable":true,"href":"https:\/\/morgadocardoso.com\/pt\/wp-json\/wp\/v2\/categories?post=2976"},{"taxonomy":"post_tag","embeddable":true,"href":"https:\/\/morgadocardoso.com\/pt\/wp-json\/wp\/v2\/tags?post=2976"}],"curies":[{"name":"wp","href":"https:\/\/api.w.org\/{rel}","templated":true}]}}