{"id":1939,"date":"2022-10-19T10:47:31","date_gmt":"2022-10-19T10:47:31","guid":{"rendered":"https:\/\/morgado.zalox.pt\/blogue\/feira-de-antiguidades-e-colecionismo-2022\/"},"modified":"2022-11-09T14:56:41","modified_gmt":"2022-11-09T14:56:41","slug":"feira-de-antiguidades-e-colecionismo-2022","status":"publish","type":"post","link":"https:\/\/morgadocardoso.com\/pt\/blogue\/feira-de-antiguidades-e-colecionismo-2022\/","title":{"rendered":"Feira de Antiguidades e Colecionismo 2022"},"content":{"rendered":"<p>Realiza-se no pr\u00f3ximo dia 23 de Outubro a\u00a0Feira de Antiguidades e Colecionismo, entre as 10h00 e as 17h00, no\u00a0Jardim Bas\u00edlio Teles.<\/p>\n<p>A Hist\u00f3rica Feira dos Golfinhos, cuja exist\u00eancia j\u00e1 vem dos anos 70, \u00e9 o local de passagem ideal para os colecionadores, bem como de quem procura livros raros.<\/p>\n<p>Caso perca esta edi\u00e7\u00e3o, tome nota de que a Feira dos Golfinhos se realiza ao 4\u00ba Domingo de cada m\u00eas.<\/p>\n","protected":false},"excerpt":{"rendered":"<p>Realiza-se no pr\u00f3ximo dia 23 de Outubro a\u00a0Feira de Antiguidades e Colecionismo, entre as 10h00 e as 17h00, no\u00a0Jardim Bas\u00edlio Teles. A Hist\u00f3rica Feira dos Golfinhos, cuja exist\u00eancia j\u00e1 vem dos anos 70, \u00e9 o local de passagem ideal para os colecionadores, bem como de quem procura livros raros. Caso perca esta edi\u00e7\u00e3o, tome nota [&hellip;]<\/p>\n","protected":false},"author":1,"featured_media":821,"comment_status":"closed","ping_status":"closed","sticky":false,"template":"","format":"standard","meta":[],"categories":[83],"tags":[],"yoast_head":"<!-- This site is optimized with the Yoast SEO plugin v20.6 - https:\/\/yoast.com\/wordpress\/plugins\/seo\/ -->\n<title>Feira de Antiguidades e Colecionismo 2022 - Morgado Cardoso<\/title>\n<meta name=\"description\" content=\"Realiza-se no pr\u00f3ximo dia 23 de Outubro a Feira de Antiguidades e Colecionismo, entre as 10h00 e as 17h00, no Jardim Bas\u00edlio Teles.\" \/>\n<meta name=\"robots\" content=\"index, follow, max-snippet:-1, max-image-preview:large, max-video-preview:-1\" \/>\n<link rel=\"canonical\" href=\"https:\/\/morgadocardoso.com\/pt\/blogue\/feira-de-antiguidades-e-colecionismo-2022\/\" \/>\n<meta property=\"og:locale\" content=\"pt_PT\" \/>\n<meta property=\"og:type\" content=\"article\" \/>\n<meta property=\"og:title\" content=\"Feira de Antiguidades e Colecionismo 2022 - Morgado Cardoso\" \/>\n<meta property=\"og:description\" content=\"Realiza-se no pr\u00f3ximo dia 23 de Outubro a Feira de Antiguidades e Colecionismo, entre as 10h00 e as 17h00, no Jardim Bas\u00edlio Teles.\" \/>\n<meta property=\"og:url\" content=\"https:\/\/morgadocardoso.com\/pt\/blogue\/feira-de-antiguidades-e-colecionismo-2022\/\" \/>\n<meta property=\"og:site_name\" content=\"Morgado Cardoso\" \/>\n<meta property=\"article:published_time\" content=\"2022-10-19T10:47:31+00:00\" \/>\n<meta property=\"article:modified_time\" content=\"2022-11-09T14:56:41+00:00\" \/>\n<meta property=\"og:image\" content=\"https:\/\/morgadocardoso.com\/wp-content\/uploads\/2022\/10\/19-10-2022-dentro.jpg\" \/>\n\t<meta property=\"og:image:width\" content=\"1900\" \/>\n\t<meta property=\"og:image:height\" content=\"700\" \/>\n\t<meta property=\"og:image:type\" content=\"image\/jpeg\" \/>\n<meta name=\"author\" content=\"admin\" \/>\n<meta name=\"twitter:card\" content=\"summary_large_image\" \/>\n<meta name=\"twitter:label1\" content=\"Escrito por\" \/>\n\t<meta name=\"twitter:data1\" content=\"admin\" \/>\n\t<meta name=\"twitter:label2\" content=\"Tempo estimado de leitura\" \/>\n\t<meta name=\"twitter:data2\" content=\"1 minuto\" \/>\n<script type=\"application\/ld+json\" class=\"yoast-schema-graph\">{\"@context\":\"https:\/\/schema.org\",\"@graph\":[{\"@type\":\"Article\",\"@id\":\"https:\/\/morgadocardoso.com\/pt\/blogue\/feira-de-antiguidades-e-colecionismo-2022\/#article\",\"isPartOf\":{\"@id\":\"https:\/\/morgadocardoso.com\/pt\/blogue\/feira-de-antiguidades-e-colecionismo-2022\/\"},\"author\":{\"name\":\"admin\",\"@id\":\"https:\/\/morgadocardoso.com\/pt\/#\/schema\/person\/eda698a86449cd29f5f64627c80e9727\"},\"headline\":\"Feira de Antiguidades e Colecionismo 2022\",\"datePublished\":\"2022-10-19T10:47:31+00:00\",\"dateModified\":\"2022-11-09T14:56:41+00:00\",\"mainEntityOfPage\":{\"@id\":\"https:\/\/morgadocardoso.com\/pt\/blogue\/feira-de-antiguidades-e-colecionismo-2022\/\"},\"wordCount\":78,\"publisher\":{\"@id\":\"https:\/\/morgadocardoso.com\/pt\/#organization\"},\"articleSection\":[\"Blogue\"],\"inLanguage\":\"pt-PT\"},{\"@type\":\"WebPage\",\"@id\":\"https:\/\/morgadocardoso.com\/pt\/blogue\/feira-de-antiguidades-e-colecionismo-2022\/\",\"url\":\"https:\/\/morgadocardoso.com\/pt\/blogue\/feira-de-antiguidades-e-colecionismo-2022\/\",\"name\":\"Feira de Antiguidades e Colecionismo 2022 - Morgado Cardoso\",\"isPartOf\":{\"@id\":\"https:\/\/morgadocardoso.com\/pt\/#website\"},\"datePublished\":\"2022-10-19T10:47:31+00:00\",\"dateModified\":\"2022-11-09T14:56:41+00:00\",\"description\":\"Realiza-se no pr\u00f3ximo dia 23 de Outubro a Feira de Antiguidades e Colecionismo, entre as 10h00 e as 17h00, no Jardim Bas\u00edlio Teles.\",\"breadcrumb\":{\"@id\":\"https:\/\/morgadocardoso.com\/pt\/blogue\/feira-de-antiguidades-e-colecionismo-2022\/#breadcrumb\"},\"inLanguage\":\"pt-PT\",\"potentialAction\":[{\"@type\":\"ReadAction\",\"target\":[\"https:\/\/morgadocardoso.com\/pt\/blogue\/feira-de-antiguidades-e-colecionismo-2022\/\"]}]},{\"@type\":\"BreadcrumbList\",\"@id\":\"https:\/\/morgadocardoso.com\/pt\/blogue\/feira-de-antiguidades-e-colecionismo-2022\/#breadcrumb\",\"itemListElement\":[{\"@type\":\"ListItem\",\"position\":1,\"name\":\"Home\",\"item\":\"https:\/\/morgadocardoso.com\/pt\/\"},{\"@type\":\"ListItem\",\"position\":2,\"name\":\"Feira de Antiguidades e Colecionismo 2022\"}]},{\"@type\":\"WebSite\",\"@id\":\"https:\/\/morgadocardoso.com\/pt\/#website\",\"url\":\"https:\/\/morgadocardoso.com\/pt\/\",\"name\":\"Morgado Cardoso\",\"description\":\"O empreendimento de elei\u00e7\u00e3o para quem procura qualidade de vida aliada \u00e0 arquitetura elegante, conforto e seguran\u00e7a!\",\"publisher\":{\"@id\":\"https:\/\/morgadocardoso.com\/pt\/#organization\"},\"potentialAction\":[{\"@type\":\"SearchAction\",\"target\":{\"@type\":\"EntryPoint\",\"urlTemplate\":\"https:\/\/morgadocardoso.com\/pt\/?s={search_term_string}\"},\"query-input\":\"required name=search_term_string\"}],\"inLanguage\":\"pt-PT\"},{\"@type\":\"Organization\",\"@id\":\"https:\/\/morgadocardoso.com\/pt\/#organization\",\"name\":\"Morgado Cardoso\",\"url\":\"https:\/\/morgadocardoso.com\/pt\/\",\"logo\":{\"@type\":\"ImageObject\",\"inLanguage\":\"pt-PT\",\"@id\":\"https:\/\/morgadocardoso.com\/pt\/#\/schema\/logo\/image\/\",\"url\":\"https:\/\/morgadocardoso.com\/wp-content\/uploads\/2022\/11\/Logo-Morgado-Cardoso.png\",\"contentUrl\":\"https:\/\/morgadocardoso.com\/wp-content\/uploads\/2022\/11\/Logo-Morgado-Cardoso.png\",\"width\":81,\"height\":32,\"caption\":\"Morgado Cardoso\"},\"image\":{\"@id\":\"https:\/\/morgadocardoso.com\/pt\/#\/schema\/logo\/image\/\"}},{\"@type\":\"Person\",\"@id\":\"https:\/\/morgadocardoso.com\/pt\/#\/schema\/person\/eda698a86449cd29f5f64627c80e9727\",\"name\":\"admin\",\"image\":{\"@type\":\"ImageObject\",\"inLanguage\":\"pt-PT\",\"@id\":\"https:\/\/morgadocardoso.com\/pt\/#\/schema\/person\/image\/\",\"url\":\"https:\/\/secure.gravatar.com\/avatar\/fb97f7064d92c8b454f62a34c2737eae?s=96&d=mm&r=g\",\"contentUrl\":\"https:\/\/secure.gravatar.com\/avatar\/fb97f7064d92c8b454f62a34c2737eae?s=96&d=mm&r=g\",\"caption\":\"admin\"},\"sameAs\":[\"https:\/\/morgadocardoso.com\"]}]}<\/script>\n<!-- \/ Yoast SEO plugin. -->","yoast_head_json":{"title":"Feira de Antiguidades e Colecionismo 2022 - Morgado Cardoso","description":"Realiza-se no pr\u00f3ximo dia 23 de Outubro a Feira de Antiguidades e Colecionismo, entre as 10h00 e as 17h00, no Jardim Bas\u00edlio Teles.","robots":{"index":"index","follow":"follow","max-snippet":"max-snippet:-1","max-image-preview":"max-image-preview:large","max-video-preview":"max-video-preview:-1"},"canonical":"https:\/\/morgadocardoso.com\/pt\/blogue\/feira-de-antiguidades-e-colecionismo-2022\/","og_locale":"pt_PT","og_type":"article","og_title":"Feira de Antiguidades e Colecionismo 2022 - Morgado Cardoso","og_description":"Realiza-se no pr\u00f3ximo dia 23 de Outubro a Feira de Antiguidades e Colecionismo, entre as 10h00 e as 17h00, no Jardim Bas\u00edlio Teles.","og_url":"https:\/\/morgadocardoso.com\/pt\/blogue\/feira-de-antiguidades-e-colecionismo-2022\/","og_site_name":"Morgado Cardoso","article_published_time":"2022-10-19T10:47:31+00:00","article_modified_time":"2022-11-09T14:56:41+00:00","og_image":[{"width":1900,"height":700,"url":"https:\/\/morgadocardoso.com\/wp-content\/uploads\/2022\/10\/19-10-2022-dentro.jpg","type":"image\/jpeg"}],"author":"admin","twitter_card":"summary_large_image","twitter_misc":{"Escrito por":"admin","Tempo estimado de leitura":"1 minuto"},"schema":{"@context":"https:\/\/schema.org","@graph":[{"@type":"Article","@id":"https:\/\/morgadocardoso.com\/pt\/blogue\/feira-de-antiguidades-e-colecionismo-2022\/#article","isPartOf":{"@id":"https:\/\/morgadocardoso.com\/pt\/blogue\/feira-de-antiguidades-e-colecionismo-2022\/"},"author":{"name":"admin","@id":"https:\/\/morgadocardoso.com\/pt\/#\/schema\/person\/eda698a86449cd29f5f64627c80e9727"},"headline":"Feira de Antiguidades e Colecionismo 2022","datePublished":"2022-10-19T10:47:31+00:00","dateModified":"2022-11-09T14:56:41+00:00","mainEntityOfPage":{"@id":"https:\/\/morgadocardoso.com\/pt\/blogue\/feira-de-antiguidades-e-colecionismo-2022\/"},"wordCount":78,"publisher":{"@id":"https:\/\/morgadocardoso.com\/pt\/#organization"},"articleSection":["Blogue"],"inLanguage":"pt-PT"},{"@type":"WebPage","@id":"https:\/\/morgadocardoso.com\/pt\/blogue\/feira-de-antiguidades-e-colecionismo-2022\/","url":"https:\/\/morgadocardoso.com\/pt\/blogue\/feira-de-antiguidades-e-colecionismo-2022\/","name":"Feira de Antiguidades e Colecionismo 2022 - Morgado Cardoso","isPartOf":{"@id":"https:\/\/morgadocardoso.com\/pt\/#website"},"datePublished":"2022-10-19T10:47:31+00:00","dateModified":"2022-11-09T14:56:41+00:00","description":"Realiza-se no pr\u00f3ximo dia 23 de Outubro a Feira de Antiguidades e Colecionismo, entre as 10h00 e as 17h00, no Jardim Bas\u00edlio Teles.","breadcrumb":{"@id":"https:\/\/morgadocardoso.com\/pt\/blogue\/feira-de-antiguidades-e-colecionismo-2022\/#breadcrumb"},"inLanguage":"pt-PT","potentialAction":[{"@type":"ReadAction","target":["https:\/\/morgadocardoso.com\/pt\/blogue\/feira-de-antiguidades-e-colecionismo-2022\/"]}]},{"@type":"BreadcrumbList","@id":"https:\/\/morgadocardoso.com\/pt\/blogue\/feira-de-antiguidades-e-colecionismo-2022\/#breadcrumb","itemListElement":[{"@type":"ListItem","position":1,"name":"Home","item":"https:\/\/morgadocardoso.com\/pt\/"},{"@type":"ListItem","position":2,"name":"Feira de Antiguidades e Colecionismo 2022"}]},{"@type":"WebSite","@id":"https:\/\/morgadocardoso.com\/pt\/#website","url":"https:\/\/morgadocardoso.com\/pt\/","name":"Morgado Cardoso","description":"O empreendimento de elei\u00e7\u00e3o para quem procura qualidade de vida aliada \u00e0 arquitetura elegante, conforto e seguran\u00e7a!","publisher":{"@id":"https:\/\/morgadocardoso.com\/pt\/#organization"},"potentialAction":[{"@type":"SearchAction","target":{"@type":"EntryPoint","urlTemplate":"https:\/\/morgadocardoso.com\/pt\/?s={search_term_string}"},"query-input":"required name=search_term_string"}],"inLanguage":"pt-PT"},{"@type":"Organization","@id":"https:\/\/morgadocardoso.com\/pt\/#organization","name":"Morgado Cardoso","url":"https:\/\/morgadocardoso.com\/pt\/","logo":{"@type":"ImageObject","inLanguage":"pt-PT","@id":"https:\/\/morgadocardoso.com\/pt\/#\/schema\/logo\/image\/","url":"https:\/\/morgadocardoso.com\/wp-content\/uploads\/2022\/11\/Logo-Morgado-Cardoso.png","contentUrl":"https:\/\/morgadocardoso.com\/wp-content\/uploads\/2022\/11\/Logo-Morgado-Cardoso.png","width":81,"height":32,"caption":"Morgado Cardoso"},"image":{"@id":"https:\/\/morgadocardoso.com\/pt\/#\/schema\/logo\/image\/"}},{"@type":"Person","@id":"https:\/\/morgadocardoso.com\/pt\/#\/schema\/person\/eda698a86449cd29f5f64627c80e9727","name":"admin","image":{"@type":"ImageObject","inLanguage":"pt-PT","@id":"https:\/\/morgadocardoso.com\/pt\/#\/schema\/person\/image\/","url":"https:\/\/secure.gravatar.com\/avatar\/fb97f7064d92c8b454f62a34c2737eae?s=96&d=mm&r=g","contentUrl":"https:\/\/secure.gravatar.com\/avatar\/fb97f7064d92c8b454f62a34c2737eae?s=96&d=mm&r=g","caption":"admin"},"sameAs":["https:\/\/morgadocardoso.com"]}]}},"_links":{"self":[{"href":"https:\/\/morgadocardoso.com\/pt\/wp-json\/wp\/v2\/posts\/1939"}],"collection":[{"href":"https:\/\/morgadocardoso.com\/pt\/wp-json\/wp\/v2\/posts"}],"about":[{"href":"https:\/\/morgadocardoso.com\/pt\/wp-json\/wp\/v2\/types\/post"}],"author":[{"embeddable":true,"href":"https:\/\/morgadocardoso.com\/pt\/wp-json\/wp\/v2\/users\/1"}],"replies":[{"embeddable":true,"href":"https:\/\/morgadocardoso.com\/pt\/wp-json\/wp\/v2\/comments?post=1939"}],"version-history":[{"count":1,"href":"https:\/\/morgadocardoso.com\/pt\/wp-json\/wp\/v2\/posts\/1939\/revisions"}],"predecessor-version":[{"id":2670,"href":"https:\/\/morgadocardoso.com\/pt\/wp-json\/wp\/v2\/posts\/1939\/revisions\/2670"}],"wp:featuredmedia":[{"embeddable":true,"href":"https:\/\/morgadocardoso.com\/pt\/wp-json\/wp\/v2\/media\/821"}],"wp:attachment":[{"href":"https:\/\/morgadocardoso.com\/pt\/wp-json\/wp\/v2\/media?parent=1939"}],"wp:term":[{"taxonomy":"category","embeddable":true,"href":"https:\/\/morgadocardoso.com\/pt\/wp-json\/wp\/v2\/categories?post=1939"},{"taxonomy":"post_tag","embeddable":true,"href":"https:\/\/morgadocardoso.com\/pt\/wp-json\/wp\/v2\/tags?post=1939"}],"curies":[{"name":"wp","href":"https:\/\/api.w.org\/{rel}","templated":true}]}}